{"id":79,"date":"2022-12-27T12:02:17","date_gmt":"2022-12-27T12:02:17","guid":{"rendered":"https:\/\/gemeindepsychiatrie.info\/?p=79"},"modified":"2022-12-27T12:36:11","modified_gmt":"2022-12-27T12:36:11","slug":"wuensche-fuer-das-gemeindepsychiatrische-jahr-2023","status":"publish","type":"post","link":"https:\/\/gemeindepsychiatrie.info\/?p=79","title":{"rendered":"W\u00fcnsche f\u00fcr das gemeindepsychiatrische Jahr 2023"},"content":{"rendered":"\n<p>Der Sozial- und Gemeindepsychiatrie w\u00fcnsche ich f\u00fcr das neue Jahr:<\/p>\n\n\n\n<ul>\n<li>\u00d6konomisierung nur, wenn sie den Klient:innen dient<\/li>\n\n\n\n<li>Transfer der Erkenntnisse und des in der Pandemie erlangten Wissens um die F\u00e4higkeit schnellen Umdenkens in weitere Bereiche der Gemeindepsychiatrie<\/li>\n\n\n\n<li>genauso engagierte Kolleg:innen und Mitarbeiter:innen wie im Jahr 2022<\/li>\n\n\n\n<li>mehr wissenschaftliche Erkenntnisse im Bereich der Eingliederungshilfe<\/li>\n\n\n\n<li>eine Anerkennung von EX-IN-AbsolventInnen als Fachkr\u00e4fte im Rahmen eines prozentualen Anteils in gemeindepsychiatrischen Teams<\/li>\n\n\n\n<li>noch viel mehr Mitbestimmung seitens der Nutzer:innen, Psychiatrie-Erfahrenen, Klient:innen (sucht Euch was aus)<\/li>\n\n\n\n<li>eine weitere Ausbreitung des Recovery-Gedankens, und viele erfolgreiche Recovery-Geschichten, die auch wahrgenommen werden<\/li>\n\n\n\n<li>zunehmende Beachtung der Sozialpsychiatrie in der DGPPN, die sich in den letzten Jahren schon mehr und mehr abzeichnet<\/li>\n\n\n\n<li>mehr psychiatrische Fachpfleger:innen in gemeindespsychiatrischen Teams<\/li>\n\n\n\n<li>weitere Schritte beim \u00dcberbr\u00fccken der Kluften zwischen den Sozialgesetzb\u00fcchern<\/li>\n\n\n\n<li>junge Teilnehmer:innen auf Tagungen und Kongressen, die eine neue, engagierte Generation in der Sozial- und Gemeindepsychiatrie entstehen lassen<\/li>\n\n\n\n<li>viele neue, gute Fachb\u00fccher<\/li>\n\n\n\n<li>\u2026 und selbstverst\u00e4ndlich ein Arbeiten, von dem unsere Klient:innen profitieren<\/li>\n<\/ul>\n","protected":false},"excerpt":{"rendered":"<p>Der Sozial- und Gemeindepsychiatrie w\u00fcnsche ich f\u00fcr das neue Jahr:<\/p>\n","protected":false},"author":1,"featured_media":0,"comment_status":"closed","ping_status":"closed","sticky":true,"template":"","format":"standard","meta":[],"categories":[1],"tags":[],"_links":{"self":[{"href":"https:\/\/gemeindepsychiatrie.info\/index.php?rest_route=\/wp\/v2\/posts\/79"}],"collection":[{"href":"https:\/\/gemeindepsychiatrie.info\/index.php?rest_route=\/wp\/v2\/posts"}],"about":[{"href":"https:\/\/gemeindepsychiatrie.info\/index.php?rest_route=\/wp\/v2\/types\/post"}],"author":[{"embeddable":true,"href":"https:\/\/gemeindepsychiatrie.info\/index.php?rest_route=\/wp\/v2\/users\/1"}],"replies":[{"embeddable":true,"href":"https:\/\/gemeindepsychiatrie.info\/index.php?rest_route=%2Fwp%2Fv2%2Fcomments&post=79"}],"version-history":[{"count":1,"href":"https:\/\/gemeindepsychiatrie.info\/index.php?rest_route=\/wp\/v2\/posts\/79\/revisions"}],"predecessor-version":[{"id":80,"href":"https:\/\/gemeindepsychiatrie.info\/index.php?rest_route=\/wp\/v2\/posts\/79\/revisions\/80"}],"wp:attachment":[{"href":"https:\/\/gemeindepsychiatrie.info\/index.php?rest_route=%2Fwp%2Fv2%2Fmedia&parent=79"}],"wp:term":[{"taxonomy":"category","embeddable":true,"href":"https:\/\/gemeindepsychiatrie.info\/index.php?rest_route=%2Fwp%2Fv2%2Fcategories&post=79"},{"taxonomy":"post_tag","embeddable":true,"href":"https:\/\/gemeindepsychiatrie.info\/index.php?rest_route=%2Fwp%2Fv2%2Ftags&post=79"}],"curies":[{"name":"wp","href":"https:\/\/api.w.org\/{rel}","templated":true}]}}